{"id":6915,"date":"2017-05-11T00:00:00","date_gmt":"2017-05-10T22:00:00","guid":{"rendered":"https:\/\/www.certest.es\/noticias\/052017-certest-participa-en-la-jornada-empresarial-incentivos-a-la-idi-en-el-nuevo-entorno-economico\/"},"modified":"2017-05-11T00:00:00","modified_gmt":"2017-05-10T22:00:00","slug":"052017-certest-participa-en-la-jornada-empresarial-incentivos-a-la-idi-en-el-nuevo-entorno-economico","status":"publish","type":"post","link":"https:\/\/www.certest.es\/es\/news\/052017-certest-participa-en-la-jornada-empresarial-incentivos-a-la-idi-en-el-nuevo-entorno-economico\/","title":{"rendered":"(05\/2017) Certest participa en la Jornada Empresarial \u00abIncentivos a la I+D+i en el nuevo entorno econ\u00f3mico\u00bb"},"content":{"rendered":"<p>La C\u00e1mara de Comercio e Industria de Zaragoza, junto con la consultora F. Iniciativas, organizan el pr\u00f3ximo\u00a0martes 16 de mayo la jornada \u201cIncentivos a la I+D+i en el nuevo entorno econ\u00f3mico\u201d, en la que expertos del\u00a0sector de la financiaci\u00f3n de la I+D+i, tanto a nivel p\u00fablico como privado, analizar\u00e1n la realidad, contexto\u00a0y situaciones que se encuentran las empresas, al tiempo que presentan las \u00faltimas novedades tanto a nivel\u00a0fiscal como presupuestario.<\/p>\n<p><strong>Nelson Fernandes, Director General de Certest, ha sido invitado a participar en la Mesa presupuestaria de\u00a0la jornada, donde podr\u00e1 comentar y explicar ante los asistentes c\u00f3mo una empresa como Certest Biotec,\u00a0empresa puntera en biotecnolog\u00eda aplicada al desarrollo de kits de diagn\u00f3stico in vitro con aplicaciones\u00a0humanas, ha hecho de la I+D uno de sus principales pilares para sostener su crecimiento internacional.<\/strong><\/p>\n<p><a href=\"https:\/\/www.certest.es\/wp-content\/uploads\/2019\/02\/img_web_ECCMID_2017_det.jpg\"><img decoding=\"async\" class=\"alignnone size-full wp-image-4802\" src=\"https:\/\/www.certest.es\/wp-content\/uploads\/2019\/02\/img_web_ECCMID_2017_det.jpg\" alt=\"img_web_ECCMID_2017_det\" width=\"500\" height=\"399\" \/><\/a><\/p>\n<p>En la imagen, Nelson Fernandes, Director General de Certest Biotec, S.L.<\/p>\n<p>En el contexto econ\u00f3mico actual, donde la competitividad y el valor a\u00f1adido en productos, procesos\u00a0y servicios son vitales para la continuidad y el crecimiento del negocio, los proyectos de Investigaci\u00f3n,\u00a0Desarrollo e Innovaci\u00f3n Tecnol\u00f3gica (I+D+i) ganan protagonismo en la estrategia y son determinantes en\u00a0el futuro de la empresa.<\/p>\n<p><strong>Lugar<\/strong>: Sal\u00f3n de plenos. Sede de la C\u00e1mara.<br \/>\n<strong>Fechas<\/strong>: 16 de mayo. 2017<br \/>\n<strong>Horario<\/strong>: 09:30 a 11:30 horas.<\/p>\n<p><strong>Fuente, informaci\u00f3n e incripci\u00f3n<\/strong>:<br \/>\n<a href=\"http:\/\/www.camarazaragoza.com\/productos\/jornadas-talleres-y-seminarios\/jornada-empresarialincentivos-%20a-la-idi-en-el-nuevo-entorno-economico\/\" target=\"_blank\">http:\/\/www.camarazaragoza.com\/productos\/jornadas-talleres-y-seminarios\/jornada-empresarialincentivos-<\/a><br \/>\n<a href=\"http:\/\/www.camarazaragoza.com\/productos\/jornadas-talleres-y-seminarios\/jornada-empresarialincentivos-%20a-la-idi-en-el-nuevo-entorno-economico\/\" target=\"_blank\">a-la-idi-en-el-nuevo-entorno-economico\/<\/a><\/p>\n","protected":false},"excerpt":{"rendered":"<p>Jornada \u00abIncentivos a la I+D+i en el nuevo entorno econ\u00f3mico\u00bb<\/p>\n","protected":false},"author":1,"featured_media":6906,"comment_status":"closed","ping_status":"open","sticky":false,"template":"","format":"standard","meta":{"_acf_changed":false,"footnotes":""},"categories":[108,1],"tags":[112,166,113,298,156,299,174],"class_list":["post-6915","post","type-post","status-publish","format-standard","has-post-thumbnail","hentry","category-eventos","category-noticias","tag-biotec","tag-camara","tag-certest","tag-empresarial","tag-idi","tag-jornada","tag-zaragoza"],"acf":[],"yoast_head":"<!-- This site is optimized with the Yoast SEO plugin v26.4 - https:\/\/yoast.com\/wordpress\/plugins\/seo\/ -->\n<title>(05\/2017) Certest participa en la Jornada Empresarial &quot;Incentivos a la I+D+i en el nuevo entorno econ\u00f3mico&quot; - Certest Biotec - Raw Materials | Diagnostics | Pharma<\/title>\n<meta name=\"robots\" content=\"index, follow, max-snippet:-1, max-image-preview:large, max-video-preview:-1\" \/>\n<link rel=\"canonical\" href=\"https:\/\/www.certest.es\/news\/052017-certest-participa-en-la-jornada-empresarial-incentivos-a-la-idi-en-el-nuevo-entorno-economico\/\" \/>\n<meta property=\"og:locale\" content=\"es_ES\" \/>\n<meta property=\"og:type\" content=\"article\" \/>\n<meta property=\"og:title\" content=\"(05\/2017) Certest participa en la Jornada Empresarial &quot;Incentivos a la I+D+i en el nuevo entorno econ\u00f3mico&quot; - Certest Biotec - Raw Materials | Diagnostics | Pharma\" \/>\n<meta property=\"og:description\" content=\"Jornada &quot;Incentivos a la I+D+i en el nuevo entorno econ\u00f3mico&quot;\" \/>\n<meta property=\"og:url\" content=\"https:\/\/www.certest.es\/news\/052017-certest-participa-en-la-jornada-empresarial-incentivos-a-la-idi-en-el-nuevo-entorno-economico\/\" \/>\n<meta property=\"og:site_name\" content=\"Certest Biotec - Raw Materials | Diagnostics | Pharma\" \/>\n<meta property=\"article:published_time\" content=\"2017-05-10T22:00:00+00:00\" \/>\n<meta property=\"og:image\" content=\"https:\/\/www.certest.es\/wp-content\/uploads\/2019\/02\/img_web_ECCMID_2017.jpg\" \/>\n\t<meta property=\"og:image:width\" content=\"454\" \/>\n\t<meta property=\"og:image:height\" content=\"250\" \/>\n\t<meta property=\"og:image:type\" content=\"image\/jpeg\" \/>\n<meta name=\"author\" content=\"Certest\" \/>\n<meta name=\"twitter:card\" content=\"summary_large_image\" \/>\n<meta name=\"twitter:label1\" content=\"Escrito por\" \/>\n\t<meta name=\"twitter:data1\" content=\"Certest\" \/>\n\t<meta name=\"twitter:label2\" content=\"Tiempo de lectura\" \/>\n\t<meta name=\"twitter:data2\" content=\"1 minuto\" \/>\n<script type=\"application\/ld+json\" class=\"yoast-schema-graph\">{\"@context\":\"https:\/\/schema.org\",\"@graph\":[{\"@type\":\"WebPage\",\"@id\":\"https:\/\/www.certest.es\/news\/052017-certest-participa-en-la-jornada-empresarial-incentivos-a-la-idi-en-el-nuevo-entorno-economico\/\",\"url\":\"https:\/\/www.certest.es\/news\/052017-certest-participa-en-la-jornada-empresarial-incentivos-a-la-idi-en-el-nuevo-entorno-economico\/\",\"name\":\"(05\/2017) Certest participa en la Jornada Empresarial \\\"Incentivos a la I+D+i en el nuevo entorno econ\u00f3mico\\\" - Certest Biotec - Raw Materials | Diagnostics | Pharma\",\"isPartOf\":{\"@id\":\"https:\/\/www.certest.es\/#website\"},\"primaryImageOfPage\":{\"@id\":\"https:\/\/www.certest.es\/news\/052017-certest-participa-en-la-jornada-empresarial-incentivos-a-la-idi-en-el-nuevo-entorno-economico\/#primaryimage\"},\"image\":{\"@id\":\"https:\/\/www.certest.es\/news\/052017-certest-participa-en-la-jornada-empresarial-incentivos-a-la-idi-en-el-nuevo-entorno-economico\/#primaryimage\"},\"thumbnailUrl\":\"https:\/\/www.certest.es\/wp-content\/uploads\/2019\/02\/img_web_ECCMID_2017.jpg\",\"datePublished\":\"2017-05-10T22:00:00+00:00\",\"author\":{\"@id\":\"https:\/\/www.certest.es\/#\/schema\/person\/38733cd75f271eac2cfe4d21d435a510\"},\"breadcrumb\":{\"@id\":\"https:\/\/www.certest.es\/news\/052017-certest-participa-en-la-jornada-empresarial-incentivos-a-la-idi-en-el-nuevo-entorno-economico\/#breadcrumb\"},\"inLanguage\":\"es\",\"potentialAction\":[{\"@type\":\"ReadAction\",\"target\":[\"https:\/\/www.certest.es\/news\/052017-certest-participa-en-la-jornada-empresarial-incentivos-a-la-idi-en-el-nuevo-entorno-economico\/\"]}]},{\"@type\":\"ImageObject\",\"inLanguage\":\"es\",\"@id\":\"https:\/\/www.certest.es\/news\/052017-certest-participa-en-la-jornada-empresarial-incentivos-a-la-idi-en-el-nuevo-entorno-economico\/#primaryimage\",\"url\":\"https:\/\/www.certest.es\/wp-content\/uploads\/2019\/02\/img_web_ECCMID_2017.jpg\",\"contentUrl\":\"https:\/\/www.certest.es\/wp-content\/uploads\/2019\/02\/img_web_ECCMID_2017.jpg\",\"width\":454,\"height\":250},{\"@type\":\"BreadcrumbList\",\"@id\":\"https:\/\/www.certest.es\/news\/052017-certest-participa-en-la-jornada-empresarial-incentivos-a-la-idi-en-el-nuevo-entorno-economico\/#breadcrumb\",\"itemListElement\":[{\"@type\":\"ListItem\",\"position\":1,\"name\":\"Portada\",\"item\":\"https:\/\/www.certest.es\/es\/\"},{\"@type\":\"ListItem\",\"position\":2,\"name\":\"(05\/2017) Certest participa en la Jornada Empresarial &#8220;Incentivos a la I+D+i en el nuevo entorno econ\u00f3mico&#8221;\"}]},{\"@type\":\"WebSite\",\"@id\":\"https:\/\/www.certest.es\/#website\",\"url\":\"https:\/\/www.certest.es\/\",\"name\":\"Certest Biotec - Raw Materials | Diagnostics | Pharma\",\"description\":\"Productos para diagn\u00f3stico in vitro\",\"potentialAction\":[{\"@type\":\"SearchAction\",\"target\":{\"@type\":\"EntryPoint\",\"urlTemplate\":\"https:\/\/www.certest.es\/?s={search_term_string}\"},\"query-input\":{\"@type\":\"PropertyValueSpecification\",\"valueRequired\":true,\"valueName\":\"search_term_string\"}}],\"inLanguage\":\"es\"},{\"@type\":\"Person\",\"@id\":\"https:\/\/www.certest.es\/#\/schema\/person\/38733cd75f271eac2cfe4d21d435a510\",\"name\":\"Certest\"}]}<\/script>\n<!-- \/ Yoast SEO plugin. -->","yoast_head_json":{"title":"(05\/2017) Certest participa en la Jornada Empresarial \"Incentivos a la I+D+i en el nuevo entorno econ\u00f3mico\" - Certest Biotec - Raw Materials | Diagnostics | Pharma","robots":{"index":"index","follow":"follow","max-snippet":"max-snippet:-1","max-image-preview":"max-image-preview:large","max-video-preview":"max-video-preview:-1"},"canonical":"https:\/\/www.certest.es\/news\/052017-certest-participa-en-la-jornada-empresarial-incentivos-a-la-idi-en-el-nuevo-entorno-economico\/","og_locale":"es_ES","og_type":"article","og_title":"(05\/2017) Certest participa en la Jornada Empresarial \"Incentivos a la I+D+i en el nuevo entorno econ\u00f3mico\" - Certest Biotec - Raw Materials | Diagnostics | Pharma","og_description":"Jornada \"Incentivos a la I+D+i en el nuevo entorno econ\u00f3mico\"","og_url":"https:\/\/www.certest.es\/news\/052017-certest-participa-en-la-jornada-empresarial-incentivos-a-la-idi-en-el-nuevo-entorno-economico\/","og_site_name":"Certest Biotec - Raw Materials | Diagnostics | Pharma","article_published_time":"2017-05-10T22:00:00+00:00","og_image":[{"width":454,"height":250,"url":"https:\/\/www.certest.es\/wp-content\/uploads\/2019\/02\/img_web_ECCMID_2017.jpg","type":"image\/jpeg"}],"author":"Certest","twitter_card":"summary_large_image","twitter_misc":{"Escrito por":"Certest","Tiempo de lectura":"1 minuto"},"schema":{"@context":"https:\/\/schema.org","@graph":[{"@type":"WebPage","@id":"https:\/\/www.certest.es\/news\/052017-certest-participa-en-la-jornada-empresarial-incentivos-a-la-idi-en-el-nuevo-entorno-economico\/","url":"https:\/\/www.certest.es\/news\/052017-certest-participa-en-la-jornada-empresarial-incentivos-a-la-idi-en-el-nuevo-entorno-economico\/","name":"(05\/2017) Certest participa en la Jornada Empresarial \"Incentivos a la I+D+i en el nuevo entorno econ\u00f3mico\" - Certest Biotec - Raw Materials | Diagnostics | Pharma","isPartOf":{"@id":"https:\/\/www.certest.es\/#website"},"primaryImageOfPage":{"@id":"https:\/\/www.certest.es\/news\/052017-certest-participa-en-la-jornada-empresarial-incentivos-a-la-idi-en-el-nuevo-entorno-economico\/#primaryimage"},"image":{"@id":"https:\/\/www.certest.es\/news\/052017-certest-participa-en-la-jornada-empresarial-incentivos-a-la-idi-en-el-nuevo-entorno-economico\/#primaryimage"},"thumbnailUrl":"https:\/\/www.certest.es\/wp-content\/uploads\/2019\/02\/img_web_ECCMID_2017.jpg","datePublished":"2017-05-10T22:00:00+00:00","author":{"@id":"https:\/\/www.certest.es\/#\/schema\/person\/38733cd75f271eac2cfe4d21d435a510"},"breadcrumb":{"@id":"https:\/\/www.certest.es\/news\/052017-certest-participa-en-la-jornada-empresarial-incentivos-a-la-idi-en-el-nuevo-entorno-economico\/#breadcrumb"},"inLanguage":"es","potentialAction":[{"@type":"ReadAction","target":["https:\/\/www.certest.es\/news\/052017-certest-participa-en-la-jornada-empresarial-incentivos-a-la-idi-en-el-nuevo-entorno-economico\/"]}]},{"@type":"ImageObject","inLanguage":"es","@id":"https:\/\/www.certest.es\/news\/052017-certest-participa-en-la-jornada-empresarial-incentivos-a-la-idi-en-el-nuevo-entorno-economico\/#primaryimage","url":"https:\/\/www.certest.es\/wp-content\/uploads\/2019\/02\/img_web_ECCMID_2017.jpg","contentUrl":"https:\/\/www.certest.es\/wp-content\/uploads\/2019\/02\/img_web_ECCMID_2017.jpg","width":454,"height":250},{"@type":"BreadcrumbList","@id":"https:\/\/www.certest.es\/news\/052017-certest-participa-en-la-jornada-empresarial-incentivos-a-la-idi-en-el-nuevo-entorno-economico\/#breadcrumb","itemListElement":[{"@type":"ListItem","position":1,"name":"Portada","item":"https:\/\/www.certest.es\/es\/"},{"@type":"ListItem","position":2,"name":"(05\/2017) Certest participa en la Jornada Empresarial &#8220;Incentivos a la I+D+i en el nuevo entorno econ\u00f3mico&#8221;"}]},{"@type":"WebSite","@id":"https:\/\/www.certest.es\/#website","url":"https:\/\/www.certest.es\/","name":"Certest Biotec - Raw Materials | Diagnostics | Pharma","description":"Productos para diagn\u00f3stico in vitro","potentialAction":[{"@type":"SearchAction","target":{"@type":"EntryPoint","urlTemplate":"https:\/\/www.certest.es\/?s={search_term_string}"},"query-input":{"@type":"PropertyValueSpecification","valueRequired":true,"valueName":"search_term_string"}}],"inLanguage":"es"},{"@type":"Person","@id":"https:\/\/www.certest.es\/#\/schema\/person\/38733cd75f271eac2cfe4d21d435a510","name":"Certest"}]}},"_links":{"self":[{"href":"https:\/\/www.certest.es\/es\/wp-json\/wp\/v2\/posts\/6915","targetHints":{"allow":["GET"]}}],"collection":[{"href":"https:\/\/www.certest.es\/es\/wp-json\/wp\/v2\/posts"}],"about":[{"href":"https:\/\/www.certest.es\/es\/wp-json\/wp\/v2\/types\/post"}],"author":[{"embeddable":true,"href":"https:\/\/www.certest.es\/es\/wp-json\/wp\/v2\/users\/1"}],"replies":[{"embeddable":true,"href":"https:\/\/www.certest.es\/es\/wp-json\/wp\/v2\/comments?post=6915"}],"version-history":[{"count":0,"href":"https:\/\/www.certest.es\/es\/wp-json\/wp\/v2\/posts\/6915\/revisions"}],"wp:featuredmedia":[{"embeddable":true,"href":"https:\/\/www.certest.es\/es\/wp-json\/wp\/v2\/media\/6906"}],"wp:attachment":[{"href":"https:\/\/www.certest.es\/es\/wp-json\/wp\/v2\/media?parent=6915"}],"wp:term":[{"taxonomy":"category","embeddable":true,"href":"https:\/\/www.certest.es\/es\/wp-json\/wp\/v2\/categories?post=6915"},{"taxonomy":"post_tag","embeddable":true,"href":"https:\/\/www.certest.es\/es\/wp-json\/wp\/v2\/tags?post=6915"}],"curies":[{"name":"wp","href":"https:\/\/api.w.org\/{rel}","templated":true}]}}