{"id":6696,"date":"2015-10-06T00:00:00","date_gmt":"2015-10-05T22:00:00","guid":{"rendered":"https:\/\/www.certest.es\/noticias\/the-founder-of-certest-receives-the-prize-jaime-i\/"},"modified":"2015-10-06T00:00:00","modified_gmt":"2015-10-05T22:00:00","slug":"the-founder-of-certest-receives-the-prize-jaime-i","status":"publish","type":"post","link":"https:\/\/www.certest.es\/es\/news\/the-founder-of-certest-receives-the-prize-jaime-i\/","title":{"rendered":"El fundador de Certest recibe el premio \u00abJaime I\u00bb"},"content":{"rendered":"<p><strong>\u00d3scar Landeta, fundador de Certest Biotec, recib\u00eda el pasado 2 de octubre en Valencia, de manos del rey Felipe VI, el Premio Jaime I en la categor\u00eda <em>Emprededor<\/em>.<\/strong><\/p>\n<p><a href=\"https:\/\/www.certest.es\/wp-content\/uploads\/2019\/02\/web_img_Entrega_Premio_Jaime_I_det_04.jpg\"><img decoding=\"async\" class=\"aligncenter size-full wp-image-2652\" src=\"https:\/\/www.certest.es\/wp-content\/uploads\/2019\/02\/web_img_Entrega_Premio_Jaime_I_det_04.jpg\" alt=\"web_img_Entrega_Premio_Jaime_I_det_04\" width=\"479\" height=\"222\" \/><\/a><\/p>\n<p>(En la imagen, \u00d3scar Landeta, segundo por la izquierda, junto al resto de premiados y el Rey)<\/p>\n<p>El jurado, formado por una veintena de Premios Nobel, consideraba la labor emprendedora y el compromiso con la investigaci\u00f3n y la innovaci\u00f3n de la compa\u00f1\u00eda afincada en Zaragoza, que adem\u00e1s de hacer investigaci\u00f3n, lleva a cabo la gesti\u00f3n y comercializaci\u00f3n de sus productos en m\u00e1s de 120 pa\u00edses por todo el mundo. No obstante, los 100.000 euros del premio ser\u00e1n destinados a la nueva l\u00ednea de biolog\u00eda molecular que se est\u00e1 implantando actualmente y que ser\u00e1, en un futuro pr\u00f3ximo,\u00a0 una de las principales l\u00edneas de negocio de la empresa.<\/p>\n<p>En su intervenci\u00f3n, Landeta comentaba c\u00f3mo a pesar de la dureza de los inicios, all\u00e1 por 2002, el trabajo, la innovaci\u00f3n y la investigaci\u00f3n han sido fundamentales para extender la actividad de la empresa. Salir fuera, pensar en aumentar el volumen de negocio y colaborar al avance de la ciencia han sido algunas de las claves del \u00e9xito de Certest.<\/p>\n<p>Entrevista a \u00d3scar Landeta, en la jornada previa a la entrega de premios:<\/p>\n<div class=\"video-shortcode\"><iframe title=\"\u00d3scar Landeta. Entrevista Premios Jaime I. 2015\" width=\"1300\" height=\"731\" src=\"https:\/\/www.youtube.com\/embed\/-h5FfYUnGkg?feature=oembed\" frameborder=\"0\" allow=\"accelerometer; autoplay; clipboard-write; encrypted-media; gyroscope; picture-in-picture; web-share\" referrerpolicy=\"strict-origin-when-cross-origin\" allowfullscreen><\/iframe><\/div>\n<p>M\u00e1s informaci\u00f3n, a trav\u00e9s de la web Fundaci\u00f3n Premios Rey Jaime I.<\/p>\n<p><a href=\"http:\/\/www.fprj.es\/\">http:\/\/www.fprj.es\/<\/a><\/p>\n<p>Imagen y video, por cortes\u00eda de la Fundaci\u00f3n Premios Rey Jaime I.<\/p>\n","protected":false},"excerpt":{"rendered":"<p>\u00d3scar Landeta recib\u00eda el galard\u00f3n de manos del Rey Felipe VI&#8230;<\/p>\n","protected":false},"author":1,"featured_media":6699,"comment_status":"closed","ping_status":"open","sticky":false,"template":"","format":"standard","meta":{"_acf_changed":false,"footnotes":""},"categories":[109],"tags":[113,162,163,158,130,116,117,131,164],"class_list":["post-6696","post","type-post","status-publish","format-standard","has-post-thumbnail","hentry","category-premios","tag-certest","tag-diagnostico","tag-innovacion","tag-innovation","tag-jaime","tag-landeta","tag-oscar","tag-premio","tag-prize"],"acf":[],"yoast_head":"<!-- This site is optimized with the Yoast SEO plugin v26.4 - https:\/\/yoast.com\/wordpress\/plugins\/seo\/ -->\n<title>El fundador de Certest recibe el premio &quot;Jaime I&quot; - Certest Biotec - Raw Materials | Diagnostics | Pharma<\/title>\n<meta name=\"robots\" content=\"index, follow, max-snippet:-1, max-image-preview:large, max-video-preview:-1\" \/>\n<link rel=\"canonical\" href=\"https:\/\/www.certest.es\/news\/the-founder-of-certest-receives-the-prize-jaime-i\/\" \/>\n<meta property=\"og:locale\" content=\"es_ES\" \/>\n<meta property=\"og:type\" content=\"article\" \/>\n<meta property=\"og:title\" content=\"El fundador de Certest recibe el premio &quot;Jaime I&quot; - Certest Biotec - Raw Materials | Diagnostics | Pharma\" \/>\n<meta property=\"og:description\" content=\"\u00d3scar Landeta recib\u00eda el galard\u00f3n de manos del Rey Felipe VI...\" \/>\n<meta property=\"og:url\" content=\"https:\/\/www.certest.es\/news\/the-founder-of-certest-receives-the-prize-jaime-i\/\" \/>\n<meta property=\"og:site_name\" content=\"Certest Biotec - Raw Materials | Diagnostics | Pharma\" \/>\n<meta property=\"article:published_time\" content=\"2015-10-05T22:00:00+00:00\" \/>\n<meta property=\"og:image\" content=\"https:\/\/www.certest.es\/wp-content\/uploads\/2019\/02\/img_web_entrega_Premio_Jaime_I_list_272x150.jpg\" \/>\n\t<meta property=\"og:image:width\" content=\"272\" \/>\n\t<meta property=\"og:image:height\" content=\"150\" \/>\n\t<meta property=\"og:image:type\" content=\"image\/jpeg\" \/>\n<meta name=\"author\" content=\"Certest\" \/>\n<meta name=\"twitter:card\" content=\"summary_large_image\" \/>\n<meta name=\"twitter:label1\" content=\"Escrito por\" \/>\n\t<meta name=\"twitter:data1\" content=\"Certest\" \/>\n\t<meta name=\"twitter:label2\" content=\"Tiempo de lectura\" \/>\n\t<meta name=\"twitter:data2\" content=\"1 minuto\" \/>\n<script type=\"application\/ld+json\" class=\"yoast-schema-graph\">{\"@context\":\"https:\/\/schema.org\",\"@graph\":[{\"@type\":\"WebPage\",\"@id\":\"https:\/\/www.certest.es\/news\/the-founder-of-certest-receives-the-prize-jaime-i\/\",\"url\":\"https:\/\/www.certest.es\/news\/the-founder-of-certest-receives-the-prize-jaime-i\/\",\"name\":\"El fundador de Certest recibe el premio \\\"Jaime I\\\" - Certest Biotec - Raw Materials | Diagnostics | Pharma\",\"isPartOf\":{\"@id\":\"https:\/\/www.certest.es\/#website\"},\"primaryImageOfPage\":{\"@id\":\"https:\/\/www.certest.es\/news\/the-founder-of-certest-receives-the-prize-jaime-i\/#primaryimage\"},\"image\":{\"@id\":\"https:\/\/www.certest.es\/news\/the-founder-of-certest-receives-the-prize-jaime-i\/#primaryimage\"},\"thumbnailUrl\":\"https:\/\/www.certest.es\/wp-content\/uploads\/2019\/02\/img_web_entrega_Premio_Jaime_I_list_272x150.jpg\",\"datePublished\":\"2015-10-05T22:00:00+00:00\",\"author\":{\"@id\":\"https:\/\/www.certest.es\/#\/schema\/person\/38733cd75f271eac2cfe4d21d435a510\"},\"breadcrumb\":{\"@id\":\"https:\/\/www.certest.es\/news\/the-founder-of-certest-receives-the-prize-jaime-i\/#breadcrumb\"},\"inLanguage\":\"es\",\"potentialAction\":[{\"@type\":\"ReadAction\",\"target\":[\"https:\/\/www.certest.es\/news\/the-founder-of-certest-receives-the-prize-jaime-i\/\"]}]},{\"@type\":\"ImageObject\",\"inLanguage\":\"es\",\"@id\":\"https:\/\/www.certest.es\/news\/the-founder-of-certest-receives-the-prize-jaime-i\/#primaryimage\",\"url\":\"https:\/\/www.certest.es\/wp-content\/uploads\/2019\/02\/img_web_entrega_Premio_Jaime_I_list_272x150.jpg\",\"contentUrl\":\"https:\/\/www.certest.es\/wp-content\/uploads\/2019\/02\/img_web_entrega_Premio_Jaime_I_list_272x150.jpg\",\"width\":272,\"height\":150},{\"@type\":\"BreadcrumbList\",\"@id\":\"https:\/\/www.certest.es\/news\/the-founder-of-certest-receives-the-prize-jaime-i\/#breadcrumb\",\"itemListElement\":[{\"@type\":\"ListItem\",\"position\":1,\"name\":\"Portada\",\"item\":\"https:\/\/www.certest.es\/es\/\"},{\"@type\":\"ListItem\",\"position\":2,\"name\":\"El fundador de Certest recibe el premio &#8220;Jaime I&#8221;\"}]},{\"@type\":\"WebSite\",\"@id\":\"https:\/\/www.certest.es\/#website\",\"url\":\"https:\/\/www.certest.es\/\",\"name\":\"Certest Biotec - Raw Materials | Diagnostics | Pharma\",\"description\":\"Productos para diagn\u00f3stico in vitro\",\"potentialAction\":[{\"@type\":\"SearchAction\",\"target\":{\"@type\":\"EntryPoint\",\"urlTemplate\":\"https:\/\/www.certest.es\/?s={search_term_string}\"},\"query-input\":{\"@type\":\"PropertyValueSpecification\",\"valueRequired\":true,\"valueName\":\"search_term_string\"}}],\"inLanguage\":\"es\"},{\"@type\":\"Person\",\"@id\":\"https:\/\/www.certest.es\/#\/schema\/person\/38733cd75f271eac2cfe4d21d435a510\",\"name\":\"Certest\"}]}<\/script>\n<!-- \/ Yoast SEO plugin. -->","yoast_head_json":{"title":"El fundador de Certest recibe el premio \"Jaime I\" - Certest Biotec - Raw Materials | Diagnostics | Pharma","robots":{"index":"index","follow":"follow","max-snippet":"max-snippet:-1","max-image-preview":"max-image-preview:large","max-video-preview":"max-video-preview:-1"},"canonical":"https:\/\/www.certest.es\/news\/the-founder-of-certest-receives-the-prize-jaime-i\/","og_locale":"es_ES","og_type":"article","og_title":"El fundador de Certest recibe el premio \"Jaime I\" - Certest Biotec - Raw Materials | Diagnostics | Pharma","og_description":"\u00d3scar Landeta recib\u00eda el galard\u00f3n de manos del Rey Felipe VI...","og_url":"https:\/\/www.certest.es\/news\/the-founder-of-certest-receives-the-prize-jaime-i\/","og_site_name":"Certest Biotec - Raw Materials | Diagnostics | Pharma","article_published_time":"2015-10-05T22:00:00+00:00","og_image":[{"width":272,"height":150,"url":"https:\/\/www.certest.es\/wp-content\/uploads\/2019\/02\/img_web_entrega_Premio_Jaime_I_list_272x150.jpg","type":"image\/jpeg"}],"author":"Certest","twitter_card":"summary_large_image","twitter_misc":{"Escrito por":"Certest","Tiempo de lectura":"1 minuto"},"schema":{"@context":"https:\/\/schema.org","@graph":[{"@type":"WebPage","@id":"https:\/\/www.certest.es\/news\/the-founder-of-certest-receives-the-prize-jaime-i\/","url":"https:\/\/www.certest.es\/news\/the-founder-of-certest-receives-the-prize-jaime-i\/","name":"El fundador de Certest recibe el premio \"Jaime I\" - Certest Biotec - Raw Materials | Diagnostics | Pharma","isPartOf":{"@id":"https:\/\/www.certest.es\/#website"},"primaryImageOfPage":{"@id":"https:\/\/www.certest.es\/news\/the-founder-of-certest-receives-the-prize-jaime-i\/#primaryimage"},"image":{"@id":"https:\/\/www.certest.es\/news\/the-founder-of-certest-receives-the-prize-jaime-i\/#primaryimage"},"thumbnailUrl":"https:\/\/www.certest.es\/wp-content\/uploads\/2019\/02\/img_web_entrega_Premio_Jaime_I_list_272x150.jpg","datePublished":"2015-10-05T22:00:00+00:00","author":{"@id":"https:\/\/www.certest.es\/#\/schema\/person\/38733cd75f271eac2cfe4d21d435a510"},"breadcrumb":{"@id":"https:\/\/www.certest.es\/news\/the-founder-of-certest-receives-the-prize-jaime-i\/#breadcrumb"},"inLanguage":"es","potentialAction":[{"@type":"ReadAction","target":["https:\/\/www.certest.es\/news\/the-founder-of-certest-receives-the-prize-jaime-i\/"]}]},{"@type":"ImageObject","inLanguage":"es","@id":"https:\/\/www.certest.es\/news\/the-founder-of-certest-receives-the-prize-jaime-i\/#primaryimage","url":"https:\/\/www.certest.es\/wp-content\/uploads\/2019\/02\/img_web_entrega_Premio_Jaime_I_list_272x150.jpg","contentUrl":"https:\/\/www.certest.es\/wp-content\/uploads\/2019\/02\/img_web_entrega_Premio_Jaime_I_list_272x150.jpg","width":272,"height":150},{"@type":"BreadcrumbList","@id":"https:\/\/www.certest.es\/news\/the-founder-of-certest-receives-the-prize-jaime-i\/#breadcrumb","itemListElement":[{"@type":"ListItem","position":1,"name":"Portada","item":"https:\/\/www.certest.es\/es\/"},{"@type":"ListItem","position":2,"name":"El fundador de Certest recibe el premio &#8220;Jaime I&#8221;"}]},{"@type":"WebSite","@id":"https:\/\/www.certest.es\/#website","url":"https:\/\/www.certest.es\/","name":"Certest Biotec - Raw Materials | Diagnostics | Pharma","description":"Productos para diagn\u00f3stico in vitro","potentialAction":[{"@type":"SearchAction","target":{"@type":"EntryPoint","urlTemplate":"https:\/\/www.certest.es\/?s={search_term_string}"},"query-input":{"@type":"PropertyValueSpecification","valueRequired":true,"valueName":"search_term_string"}}],"inLanguage":"es"},{"@type":"Person","@id":"https:\/\/www.certest.es\/#\/schema\/person\/38733cd75f271eac2cfe4d21d435a510","name":"Certest"}]}},"_links":{"self":[{"href":"https:\/\/www.certest.es\/es\/wp-json\/wp\/v2\/posts\/6696","targetHints":{"allow":["GET"]}}],"collection":[{"href":"https:\/\/www.certest.es\/es\/wp-json\/wp\/v2\/posts"}],"about":[{"href":"https:\/\/www.certest.es\/es\/wp-json\/wp\/v2\/types\/post"}],"author":[{"embeddable":true,"href":"https:\/\/www.certest.es\/es\/wp-json\/wp\/v2\/users\/1"}],"replies":[{"embeddable":true,"href":"https:\/\/www.certest.es\/es\/wp-json\/wp\/v2\/comments?post=6696"}],"version-history":[{"count":0,"href":"https:\/\/www.certest.es\/es\/wp-json\/wp\/v2\/posts\/6696\/revisions"}],"wp:featuredmedia":[{"embeddable":true,"href":"https:\/\/www.certest.es\/es\/wp-json\/wp\/v2\/media\/6699"}],"wp:attachment":[{"href":"https:\/\/www.certest.es\/es\/wp-json\/wp\/v2\/media?parent=6696"}],"wp:term":[{"taxonomy":"category","embeddable":true,"href":"https:\/\/www.certest.es\/es\/wp-json\/wp\/v2\/categories?post=6696"},{"taxonomy":"post_tag","embeddable":true,"href":"https:\/\/www.certest.es\/es\/wp-json\/wp\/v2\/tags?post=6696"}],"curies":[{"name":"wp","href":"https:\/\/api.w.org\/{rel}","templated":true}]}}