{"id":23660,"date":"2023-05-19T10:20:02","date_gmt":"2023-05-19T08:20:02","guid":{"rendered":"https:\/\/www.certest.es\/?p=23660"},"modified":"2023-05-19T10:21:15","modified_gmt":"2023-05-19T08:21:15","slug":"visita-del-gobierno-de-aragon","status":"publish","type":"post","link":"https:\/\/www.certest.es\/es\/news\/visita-del-gobierno-de-aragon\/","title":{"rendered":"Visita del Gobierno de Arag\u00f3n"},"content":{"rendered":"<p>El pasado 17 de mayo, Certest Biotec recib\u00eda la visita del Gobierno de Arag\u00f3n, \u00a0representado por los siguientes:<\/p>\n<ul>\n<li><strong>Javier Lamb\u00e1n,<\/strong> Presidente del Gobierno de Arag\u00f3n.<\/li>\n<li><strong>D\u00f1a. Marta Gast\u00f3n.<\/strong> Consejera. Departamento de Econom\u00eda, Planificaci\u00f3n y Empleo.<\/li>\n<li><strong>D\u00f1a. Noem\u00ed Villagrasa.<\/strong> Diputada por Zaragoza en el Congreso de los Diputados.<\/li>\n<li><strong>Jos\u00e9 Manuel Gonz\u00e1lez Arruga.<\/strong> Alcalde de San Mateo de G\u00e1llego.<\/li>\n<li><strong>D\u00f1a. Charo Mota.<\/strong> Directora del \u00c1rea de Salud N\u00ba2 de Atenci\u00f3n de Primaria del Gobierno de Arag\u00f3n, y teniente de alcalde en San Mateo de G\u00e1llego.<\/li>\n<\/ul>\n<p>Acompa\u00f1ados por Carlos Genzor, Director T\u00e9cnico y Socio Fundador, \u00d3scar Landeta, CEO y Socio Fundador, y Nelson Fernandes, Director General, la comitiva, tras las intervenciones de Carlos Genzor y del Presidente, visitaron las obras de ampliaci\u00f3n que, se espera, finalicen durante el \u00faltimo trimestre del a\u00f1o y est\u00e9n en\u00a0funcionamiento el pr\u00f3ximo. Tras estos trabajos, Certest contar\u00e1 con la\u00a0mayor superficie en Espa\u00f1a dedicada a la biotecnolog\u00eda\u00a0\u2013m\u00e1s 26.000 metros cuadrados\u2013 y con una de las mayores de Europa.<\/p>\n<p><img decoding=\"async\" class=\"alignnone wp-image-23664 aligncenter\" src=\"https:\/\/www.certest.es\/wp-content\/uploads\/2023\/05\/2023_05_Visita-presidente-Aragon-scaled.jpg\" alt=\"\" width=\"1008\" height=\"581\" srcset=\"https:\/\/www.certest.es\/wp-content\/uploads\/2023\/05\/2023_05_Visita-presidente-Aragon-200x115.jpg 200w, https:\/\/www.certest.es\/wp-content\/uploads\/2023\/05\/2023_05_Visita-presidente-Aragon-300x173.jpg 300w, https:\/\/www.certest.es\/wp-content\/uploads\/2023\/05\/2023_05_Visita-presidente-Aragon-400x231.jpg 400w, https:\/\/www.certest.es\/wp-content\/uploads\/2023\/05\/2023_05_Visita-presidente-Aragon-600x346.jpg 600w, https:\/\/www.certest.es\/wp-content\/uploads\/2023\/05\/2023_05_Visita-presidente-Aragon-768x443.jpg 768w, https:\/\/www.certest.es\/wp-content\/uploads\/2023\/05\/2023_05_Visita-presidente-Aragon-800x461.jpg 800w, https:\/\/www.certest.es\/wp-content\/uploads\/2023\/05\/2023_05_Visita-presidente-Aragon-1024x591.jpg 1024w, https:\/\/www.certest.es\/wp-content\/uploads\/2023\/05\/2023_05_Visita-presidente-Aragon-1200x692.jpg 1200w, https:\/\/www.certest.es\/wp-content\/uploads\/2023\/05\/2023_05_Visita-presidente-Aragon-1536x886.jpg 1536w, https:\/\/www.certest.es\/wp-content\/uploads\/2023\/05\/2023_05_Visita-presidente-Aragon-scaled.jpg 2560w\" sizes=\"(max-width: 1008px) 100vw, 1008px\" \/><\/p>\n<p style=\"text-align: center;\"><em><span style=\"color: #999999;\">En la imagen, de izquierda a derecha: D\u00f1a. Marta Gast\u00f3n. Consejera. Departamento de Econom\u00eda, Planificaci\u00f3n y Empleo; Javier Lamb\u00e1n, Presidente del Gobierno de Arag\u00f3n; Carlos Genzor, Director T\u00e9cnico y Socio Fundador de Certest; \u00d3scar Landeta, CEO y Socio Fundador de Certest; Nelson Fernandes, Director General de Certest y Jos\u00e9 Manuel Gonz\u00e1lez Arruga, Alcalde de San Mateo de G\u00e1llego.<\/span><\/em><\/p>\n<p>Javier Lamb\u00e1n comentaba que Certest \u201ces una de las\u00a0empresas aragonesas m\u00e1s paradigm\u00e1ticas\u00a0de lo que debe ser el futuro del tejido industrial aragon\u00e9s y es, originalmente, una expresi\u00f3n rotunda y brillante del\u00a0talento aragon\u00e9s\u00a0y es, tambi\u00e9n, ejemplo de c\u00f3mo las pol\u00edticas de los Gobiernos de turno pueden facilitar la aparici\u00f3n de este tipo de\u00a0fen\u00f3menos empresariales.\u201d<\/p>\n<p>&nbsp;<\/p>\n<p><img decoding=\"async\" class=\"alignnone wp-image-23516\" src=\"https:\/\/www.certest.es\/wp-content\/uploads\/2023\/04\/Logo-Gobierno-de-Aragon.png\" alt=\"\" width=\"219\" height=\"53\" srcset=\"https:\/\/www.certest.es\/wp-content\/uploads\/2023\/04\/Logo-Gobierno-de-Aragon-200x48.png 200w, https:\/\/www.certest.es\/wp-content\/uploads\/2023\/04\/Logo-Gobierno-de-Aragon-300x72.png 300w, https:\/\/www.certest.es\/wp-content\/uploads\/2023\/04\/Logo-Gobierno-de-Aragon-400x97.png 400w, https:\/\/www.certest.es\/wp-content\/uploads\/2023\/04\/Logo-Gobierno-de-Aragon-600x145.png 600w, https:\/\/www.certest.es\/wp-content\/uploads\/2023\/04\/Logo-Gobierno-de-Aragon-768x186.png 768w, https:\/\/www.certest.es\/wp-content\/uploads\/2023\/04\/Logo-Gobierno-de-Aragon-800x193.png 800w, https:\/\/www.certest.es\/wp-content\/uploads\/2023\/04\/Logo-Gobierno-de-Aragon-1024x247.png 1024w, https:\/\/www.certest.es\/wp-content\/uploads\/2023\/04\/Logo-Gobierno-de-Aragon-1200x290.png 1200w, https:\/\/www.certest.es\/wp-content\/uploads\/2023\/04\/Logo-Gobierno-de-Aragon-1536x371.png 1536w, https:\/\/www.certest.es\/wp-content\/uploads\/2023\/04\/Logo-Gobierno-de-Aragon.png 3543w\" sizes=\"(max-width: 219px) 100vw, 219px\" \/><\/p>\n<p>&nbsp;<\/p>\n","protected":false},"excerpt":{"rendered":"<p>El pasado 17 de mayo, Certest Biotec recib\u00eda la visita  [&#8230;]<\/p>\n","protected":false},"author":7,"featured_media":23662,"comment_status":"closed","ping_status":"open","sticky":false,"template":"","format":"standard","meta":{"_acf_changed":false,"footnotes":""},"categories":[23,1],"tags":[111,113,2457,2458,2381,2456],"class_list":["post-23660","post","type-post","status-publish","format-standard","has-post-thumbnail","hentry","category-destacadas","category-noticias","tag-aragon","tag-certest","tag-gobierno","tag-lamban","tag-spain-es","tag-visita"],"acf":[],"yoast_head":"<!-- This site is optimized with the Yoast SEO plugin v26.4 - https:\/\/yoast.com\/wordpress\/plugins\/seo\/ -->\n<title>Visita del Gobierno de Arag\u00f3n - Certest Biotec - Raw Materials | Diagnostics | Pharma<\/title>\n<meta name=\"robots\" content=\"index, follow, max-snippet:-1, max-image-preview:large, max-video-preview:-1\" \/>\n<link rel=\"canonical\" href=\"https:\/\/www.certest.es\/news\/visit-of-the-government-of-aragon\/\" \/>\n<meta property=\"og:locale\" content=\"es_ES\" \/>\n<meta property=\"og:type\" content=\"article\" \/>\n<meta property=\"og:title\" content=\"Visita del Gobierno de Arag\u00f3n - Certest Biotec - Raw Materials | Diagnostics | Pharma\" \/>\n<meta property=\"og:description\" content=\"El pasado 17 de mayo, Certest Biotec recib\u00eda la visita [...]\" \/>\n<meta property=\"og:url\" content=\"https:\/\/www.certest.es\/news\/visit-of-the-government-of-aragon\/\" \/>\n<meta property=\"og:site_name\" content=\"Certest Biotec - Raw Materials | Diagnostics | Pharma\" \/>\n<meta property=\"article:published_time\" content=\"2023-05-19T08:20:02+00:00\" \/>\n<meta property=\"article:modified_time\" content=\"2023-05-19T08:21:15+00:00\" \/>\n<meta property=\"og:image\" content=\"https:\/\/www.certest.es\/wp-content\/uploads\/2023\/05\/2023_05_Visita-presidente-Aragon_destacada.jpg\" \/>\n\t<meta property=\"og:image:width\" content=\"700\" \/>\n\t<meta property=\"og:image:height\" content=\"403\" \/>\n\t<meta property=\"og:image:type\" content=\"image\/jpeg\" \/>\n<meta name=\"author\" content=\"Certest\" \/>\n<meta name=\"twitter:card\" content=\"summary_large_image\" \/>\n<meta name=\"twitter:label1\" content=\"Escrito por\" \/>\n\t<meta name=\"twitter:data1\" content=\"Certest\" \/>\n\t<meta name=\"twitter:label2\" content=\"Tiempo de lectura\" \/>\n\t<meta name=\"twitter:data2\" content=\"2 minutos\" \/>\n<script type=\"application\/ld+json\" class=\"yoast-schema-graph\">{\"@context\":\"https:\/\/schema.org\",\"@graph\":[{\"@type\":\"WebPage\",\"@id\":\"https:\/\/www.certest.es\/news\/visit-of-the-government-of-aragon\/\",\"url\":\"https:\/\/www.certest.es\/news\/visit-of-the-government-of-aragon\/\",\"name\":\"Visita del Gobierno de Arag\u00f3n - Certest Biotec - Raw Materials | Diagnostics | Pharma\",\"isPartOf\":{\"@id\":\"https:\/\/www.certest.es\/#website\"},\"primaryImageOfPage\":{\"@id\":\"https:\/\/www.certest.es\/news\/visit-of-the-government-of-aragon\/#primaryimage\"},\"image\":{\"@id\":\"https:\/\/www.certest.es\/news\/visit-of-the-government-of-aragon\/#primaryimage\"},\"thumbnailUrl\":\"https:\/\/www.certest.es\/wp-content\/uploads\/2023\/05\/2023_05_Visita-presidente-Aragon_destacada.jpg\",\"datePublished\":\"2023-05-19T08:20:02+00:00\",\"dateModified\":\"2023-05-19T08:21:15+00:00\",\"author\":{\"@id\":\"https:\/\/www.certest.es\/#\/schema\/person\/50c59c84a6cb9d30c27518b73f47b617\"},\"breadcrumb\":{\"@id\":\"https:\/\/www.certest.es\/news\/visit-of-the-government-of-aragon\/#breadcrumb\"},\"inLanguage\":\"es\",\"potentialAction\":[{\"@type\":\"ReadAction\",\"target\":[\"https:\/\/www.certest.es\/news\/visit-of-the-government-of-aragon\/\"]}]},{\"@type\":\"ImageObject\",\"inLanguage\":\"es\",\"@id\":\"https:\/\/www.certest.es\/news\/visit-of-the-government-of-aragon\/#primaryimage\",\"url\":\"https:\/\/www.certest.es\/wp-content\/uploads\/2023\/05\/2023_05_Visita-presidente-Aragon_destacada.jpg\",\"contentUrl\":\"https:\/\/www.certest.es\/wp-content\/uploads\/2023\/05\/2023_05_Visita-presidente-Aragon_destacada.jpg\",\"width\":700,\"height\":403},{\"@type\":\"BreadcrumbList\",\"@id\":\"https:\/\/www.certest.es\/news\/visit-of-the-government-of-aragon\/#breadcrumb\",\"itemListElement\":[{\"@type\":\"ListItem\",\"position\":1,\"name\":\"Portada\",\"item\":\"https:\/\/www.certest.es\/es\/\"},{\"@type\":\"ListItem\",\"position\":2,\"name\":\"Visita del Gobierno de Arag\u00f3n\"}]},{\"@type\":\"WebSite\",\"@id\":\"https:\/\/www.certest.es\/#website\",\"url\":\"https:\/\/www.certest.es\/\",\"name\":\"Certest Biotec - Raw Materials | Diagnostics | Pharma\",\"description\":\"Productos para diagn\u00f3stico in vitro\",\"potentialAction\":[{\"@type\":\"SearchAction\",\"target\":{\"@type\":\"EntryPoint\",\"urlTemplate\":\"https:\/\/www.certest.es\/?s={search_term_string}\"},\"query-input\":{\"@type\":\"PropertyValueSpecification\",\"valueRequired\":true,\"valueName\":\"search_term_string\"}}],\"inLanguage\":\"es\"},{\"@type\":\"Person\",\"@id\":\"https:\/\/www.certest.es\/#\/schema\/person\/50c59c84a6cb9d30c27518b73f47b617\",\"name\":\"Certest\"}]}<\/script>\n<!-- \/ Yoast SEO plugin. -->","yoast_head_json":{"title":"Visita del Gobierno de Arag\u00f3n - Certest Biotec - Raw Materials | Diagnostics | Pharma","robots":{"index":"index","follow":"follow","max-snippet":"max-snippet:-1","max-image-preview":"max-image-preview:large","max-video-preview":"max-video-preview:-1"},"canonical":"https:\/\/www.certest.es\/news\/visit-of-the-government-of-aragon\/","og_locale":"es_ES","og_type":"article","og_title":"Visita del Gobierno de Arag\u00f3n - Certest Biotec - Raw Materials | Diagnostics | Pharma","og_description":"El pasado 17 de mayo, Certest Biotec recib\u00eda la visita [...]","og_url":"https:\/\/www.certest.es\/news\/visit-of-the-government-of-aragon\/","og_site_name":"Certest Biotec - Raw Materials | Diagnostics | Pharma","article_published_time":"2023-05-19T08:20:02+00:00","article_modified_time":"2023-05-19T08:21:15+00:00","og_image":[{"width":700,"height":403,"url":"https:\/\/www.certest.es\/wp-content\/uploads\/2023\/05\/2023_05_Visita-presidente-Aragon_destacada.jpg","type":"image\/jpeg"}],"author":"Certest","twitter_card":"summary_large_image","twitter_misc":{"Escrito por":"Certest","Tiempo de lectura":"2 minutos"},"schema":{"@context":"https:\/\/schema.org","@graph":[{"@type":"WebPage","@id":"https:\/\/www.certest.es\/news\/visit-of-the-government-of-aragon\/","url":"https:\/\/www.certest.es\/news\/visit-of-the-government-of-aragon\/","name":"Visita del Gobierno de Arag\u00f3n - Certest Biotec - Raw Materials | Diagnostics | Pharma","isPartOf":{"@id":"https:\/\/www.certest.es\/#website"},"primaryImageOfPage":{"@id":"https:\/\/www.certest.es\/news\/visit-of-the-government-of-aragon\/#primaryimage"},"image":{"@id":"https:\/\/www.certest.es\/news\/visit-of-the-government-of-aragon\/#primaryimage"},"thumbnailUrl":"https:\/\/www.certest.es\/wp-content\/uploads\/2023\/05\/2023_05_Visita-presidente-Aragon_destacada.jpg","datePublished":"2023-05-19T08:20:02+00:00","dateModified":"2023-05-19T08:21:15+00:00","author":{"@id":"https:\/\/www.certest.es\/#\/schema\/person\/50c59c84a6cb9d30c27518b73f47b617"},"breadcrumb":{"@id":"https:\/\/www.certest.es\/news\/visit-of-the-government-of-aragon\/#breadcrumb"},"inLanguage":"es","potentialAction":[{"@type":"ReadAction","target":["https:\/\/www.certest.es\/news\/visit-of-the-government-of-aragon\/"]}]},{"@type":"ImageObject","inLanguage":"es","@id":"https:\/\/www.certest.es\/news\/visit-of-the-government-of-aragon\/#primaryimage","url":"https:\/\/www.certest.es\/wp-content\/uploads\/2023\/05\/2023_05_Visita-presidente-Aragon_destacada.jpg","contentUrl":"https:\/\/www.certest.es\/wp-content\/uploads\/2023\/05\/2023_05_Visita-presidente-Aragon_destacada.jpg","width":700,"height":403},{"@type":"BreadcrumbList","@id":"https:\/\/www.certest.es\/news\/visit-of-the-government-of-aragon\/#breadcrumb","itemListElement":[{"@type":"ListItem","position":1,"name":"Portada","item":"https:\/\/www.certest.es\/es\/"},{"@type":"ListItem","position":2,"name":"Visita del Gobierno de Arag\u00f3n"}]},{"@type":"WebSite","@id":"https:\/\/www.certest.es\/#website","url":"https:\/\/www.certest.es\/","name":"Certest Biotec - Raw Materials | Diagnostics | Pharma","description":"Productos para diagn\u00f3stico in vitro","potentialAction":[{"@type":"SearchAction","target":{"@type":"EntryPoint","urlTemplate":"https:\/\/www.certest.es\/?s={search_term_string}"},"query-input":{"@type":"PropertyValueSpecification","valueRequired":true,"valueName":"search_term_string"}}],"inLanguage":"es"},{"@type":"Person","@id":"https:\/\/www.certest.es\/#\/schema\/person\/50c59c84a6cb9d30c27518b73f47b617","name":"Certest"}]}},"_links":{"self":[{"href":"https:\/\/www.certest.es\/es\/wp-json\/wp\/v2\/posts\/23660","targetHints":{"allow":["GET"]}}],"collection":[{"href":"https:\/\/www.certest.es\/es\/wp-json\/wp\/v2\/posts"}],"about":[{"href":"https:\/\/www.certest.es\/es\/wp-json\/wp\/v2\/types\/post"}],"author":[{"embeddable":true,"href":"https:\/\/www.certest.es\/es\/wp-json\/wp\/v2\/users\/7"}],"replies":[{"embeddable":true,"href":"https:\/\/www.certest.es\/es\/wp-json\/wp\/v2\/comments?post=23660"}],"version-history":[{"count":0,"href":"https:\/\/www.certest.es\/es\/wp-json\/wp\/v2\/posts\/23660\/revisions"}],"wp:featuredmedia":[{"embeddable":true,"href":"https:\/\/www.certest.es\/es\/wp-json\/wp\/v2\/media\/23662"}],"wp:attachment":[{"href":"https:\/\/www.certest.es\/es\/wp-json\/wp\/v2\/media?parent=23660"}],"wp:term":[{"taxonomy":"category","embeddable":true,"href":"https:\/\/www.certest.es\/es\/wp-json\/wp\/v2\/categories?post=23660"},{"taxonomy":"post_tag","embeddable":true,"href":"https:\/\/www.certest.es\/es\/wp-json\/wp\/v2\/tags?post=23660"}],"curies":[{"name":"wp","href":"https:\/\/api.w.org\/{rel}","templated":true}]}}