{"id":16796,"date":"2021-02-19T14:25:19","date_gmt":"2021-02-19T13:25:19","guid":{"rendered":"https:\/\/www.certest.es\/news\/visit-of-the-spanish-minister-of-science-and-innovation-pedro-duque\/"},"modified":"2021-02-19T14:28:51","modified_gmt":"2021-02-19T13:28:51","slug":"visit-of-the-spanish-minister-of-science-and-innovation-pedro-duque","status":"publish","type":"post","link":"https:\/\/www.certest.es\/es\/news\/visit-of-the-spanish-minister-of-science-and-innovation-pedro-duque\/","title":{"rendered":"Visita de Pedro Duque, Ministro de Ciencia e Innovaci\u00f3n"},"content":{"rendered":"<p>El pasado 18 de febrero, el Ministro de Ciencia e Innovaci\u00f3n del Gobierno de Espa\u00f1a, Pedro Duque, visitaba, acompa\u00f1ado por el Presidente de Arag\u00f3n, Javier Lamb\u00e1n, las instalaciones de Certest Biotec en San Mateo de G\u00e1llego, en Zaragoza.<\/p>\n<p><img decoding=\"async\" class=\"alignnone wp-image-16789 size-600\" src=\"https:\/\/www.certest.es\/wp-content\/uploads\/2021\/02\/img_Visita_02-600x362.jpg\" alt=\"\" width=\"600\" height=\"362\" srcset=\"https:\/\/www.certest.es\/wp-content\/uploads\/2021\/02\/img_Visita_02-200x121.jpg 200w, https:\/\/www.certest.es\/wp-content\/uploads\/2021\/02\/img_Visita_02-300x181.jpg 300w, https:\/\/www.certest.es\/wp-content\/uploads\/2021\/02\/img_Visita_02-400x241.jpg 400w, https:\/\/www.certest.es\/wp-content\/uploads\/2021\/02\/img_Visita_02-600x362.jpg 600w, https:\/\/www.certest.es\/wp-content\/uploads\/2021\/02\/img_Visita_02-768x463.jpg 768w, https:\/\/www.certest.es\/wp-content\/uploads\/2021\/02\/img_Visita_02-800x482.jpg 800w, https:\/\/www.certest.es\/wp-content\/uploads\/2021\/02\/img_Visita_02.jpg 1024w\" sizes=\"(max-width: 600px) 100vw, 600px\" \/><\/p>\n<p>Acompa\u00f1ado por Carlos Genzor y \u00d3scar Landeta, Director T\u00e9cnico y CEO respectivamente, y socios fundadores de la empresa, junto con Nelson Fernandes, Director General, el Ministro y las autoridades acompa\u00f1antes conocieron de primera mano las diferentes \u00e1reas de la empresa dedicadas al desarrollo y fabricaci\u00f3n de diferentes pruebas de diagn\u00f3stico, la estrategia presente y los planes de futuro que la compa\u00f1\u00eda tiene para los pr\u00f3ximos a\u00f1os, incluyendo la ampliaci\u00f3n del espacio destinado a laboratorios, producci\u00f3n y oficinas, as\u00ed como las nuevas unidades y l\u00edneas de negocio que se espera entren en funcionamiento en breve.<\/p>\n<p><img decoding=\"async\" class=\"alignnone wp-image-16791 size-600\" src=\"https:\/\/www.certest.es\/wp-content\/uploads\/2021\/02\/img_Visita_00-600x450.jpg\" alt=\"\" width=\"600\" height=\"450\" srcset=\"https:\/\/www.certest.es\/wp-content\/uploads\/2021\/02\/img_Visita_00-200x150.jpg 200w, https:\/\/www.certest.es\/wp-content\/uploads\/2021\/02\/img_Visita_00-300x225.jpg 300w, https:\/\/www.certest.es\/wp-content\/uploads\/2021\/02\/img_Visita_00-400x300.jpg 400w, https:\/\/www.certest.es\/wp-content\/uploads\/2021\/02\/img_Visita_00-600x450.jpg 600w, https:\/\/www.certest.es\/wp-content\/uploads\/2021\/02\/img_Visita_00-768x576.jpg 768w, https:\/\/www.certest.es\/wp-content\/uploads\/2021\/02\/img_Visita_00-800x600.jpg 800w, https:\/\/www.certest.es\/wp-content\/uploads\/2021\/02\/img_Visita_00-1024x768.jpg 1024w, https:\/\/www.certest.es\/wp-content\/uploads\/2021\/02\/img_Visita_00-1200x900.jpg 1200w\" sizes=\"(max-width: 600px) 100vw, 600px\" \/><\/p>\n<p>El ministro destacaba en su intervenci\u00f3n previa a la visita \u201cel arrojo de unos cient\u00edficos que han traspasado su conocimiento al mercado\u201d, poniendo en valor el esfuerzo realizado durante los meses de pandemia, y la gran expectaci\u00f3n que la empresa aragonesa ha generado no solo por su importante labor y dedicaci\u00f3n en la lucha contra la pandemia, sino por los proyectos futuros que pondr\u00e1n a Certest en el foco mundial del sector salud.<\/p>\n","protected":false},"excerpt":{"rendered":"<p>El pasado 18 de febrero, el Ministro de Ciencia e  [&#8230;]<\/p>\n","protected":false},"author":1,"featured_media":16794,"comment_status":"closed","ping_status":"open","sticky":false,"template":"","format":"standard","meta":{"_acf_changed":false,"footnotes":""},"categories":[23,1],"tags":[2039,2040],"class_list":["post-16796","post","type-post","status-publish","format-standard","has-post-thumbnail","hentry","category-destacadas","category-noticias","tag-minister-es","tag-ministro-es"],"acf":[],"yoast_head":"<!-- This site is optimized with the Yoast SEO plugin v26.4 - https:\/\/yoast.com\/wordpress\/plugins\/seo\/ -->\n<title>Visita de Pedro Duque, Ministro de Ciencia e Innovaci\u00f3n - Certest Biotec - Raw Materials | Diagnostics | Pharma<\/title>\n<meta name=\"robots\" content=\"index, follow, max-snippet:-1, max-image-preview:large, max-video-preview:-1\" \/>\n<link rel=\"canonical\" href=\"https:\/\/www.certest.es\/news\/visit-of-the-spanish-minister-of-science-and-innovation-pedro-duque\/\" \/>\n<meta property=\"og:locale\" content=\"es_ES\" \/>\n<meta property=\"og:type\" content=\"article\" \/>\n<meta property=\"og:title\" content=\"Visita de Pedro Duque, Ministro de Ciencia e Innovaci\u00f3n - Certest Biotec - Raw Materials | Diagnostics | Pharma\" \/>\n<meta property=\"og:description\" content=\"El pasado 18 de febrero, el Ministro de Ciencia e [...]\" \/>\n<meta property=\"og:url\" content=\"https:\/\/www.certest.es\/news\/visit-of-the-spanish-minister-of-science-and-innovation-pedro-duque\/\" \/>\n<meta property=\"og:site_name\" content=\"Certest Biotec - Raw Materials | Diagnostics | Pharma\" \/>\n<meta property=\"article:published_time\" content=\"2021-02-19T13:25:19+00:00\" \/>\n<meta property=\"article:modified_time\" content=\"2021-02-19T13:28:51+00:00\" \/>\n<meta property=\"og:image\" content=\"https:\/\/www.certest.es\/wp-content\/uploads\/2021\/02\/Plantilla_portada_noticias.jpg\" \/>\n\t<meta property=\"og:image:width\" content=\"700\" \/>\n\t<meta property=\"og:image:height\" content=\"403\" \/>\n\t<meta property=\"og:image:type\" content=\"image\/jpeg\" \/>\n<meta name=\"author\" content=\"Certest\" \/>\n<meta name=\"twitter:card\" content=\"summary_large_image\" \/>\n<meta name=\"twitter:label1\" content=\"Escrito por\" \/>\n\t<meta name=\"twitter:data1\" content=\"Certest\" \/>\n\t<meta name=\"twitter:label2\" content=\"Tiempo de lectura\" \/>\n\t<meta name=\"twitter:data2\" content=\"1 minuto\" \/>\n<script type=\"application\/ld+json\" class=\"yoast-schema-graph\">{\"@context\":\"https:\/\/schema.org\",\"@graph\":[{\"@type\":\"WebPage\",\"@id\":\"https:\/\/www.certest.es\/news\/visit-of-the-spanish-minister-of-science-and-innovation-pedro-duque\/\",\"url\":\"https:\/\/www.certest.es\/news\/visit-of-the-spanish-minister-of-science-and-innovation-pedro-duque\/\",\"name\":\"Visita de Pedro Duque, Ministro de Ciencia e Innovaci\u00f3n - Certest Biotec - Raw Materials | Diagnostics | Pharma\",\"isPartOf\":{\"@id\":\"https:\/\/www.certest.es\/#website\"},\"primaryImageOfPage\":{\"@id\":\"https:\/\/www.certest.es\/news\/visit-of-the-spanish-minister-of-science-and-innovation-pedro-duque\/#primaryimage\"},\"image\":{\"@id\":\"https:\/\/www.certest.es\/news\/visit-of-the-spanish-minister-of-science-and-innovation-pedro-duque\/#primaryimage\"},\"thumbnailUrl\":\"https:\/\/www.certest.es\/wp-content\/uploads\/2021\/02\/Plantilla_portada_noticias.jpg\",\"datePublished\":\"2021-02-19T13:25:19+00:00\",\"dateModified\":\"2021-02-19T13:28:51+00:00\",\"author\":{\"@id\":\"https:\/\/www.certest.es\/#\/schema\/person\/38733cd75f271eac2cfe4d21d435a510\"},\"breadcrumb\":{\"@id\":\"https:\/\/www.certest.es\/news\/visit-of-the-spanish-minister-of-science-and-innovation-pedro-duque\/#breadcrumb\"},\"inLanguage\":\"es\",\"potentialAction\":[{\"@type\":\"ReadAction\",\"target\":[\"https:\/\/www.certest.es\/news\/visit-of-the-spanish-minister-of-science-and-innovation-pedro-duque\/\"]}]},{\"@type\":\"ImageObject\",\"inLanguage\":\"es\",\"@id\":\"https:\/\/www.certest.es\/news\/visit-of-the-spanish-minister-of-science-and-innovation-pedro-duque\/#primaryimage\",\"url\":\"https:\/\/www.certest.es\/wp-content\/uploads\/2021\/02\/Plantilla_portada_noticias.jpg\",\"contentUrl\":\"https:\/\/www.certest.es\/wp-content\/uploads\/2021\/02\/Plantilla_portada_noticias.jpg\",\"width\":700,\"height\":403},{\"@type\":\"BreadcrumbList\",\"@id\":\"https:\/\/www.certest.es\/news\/visit-of-the-spanish-minister-of-science-and-innovation-pedro-duque\/#breadcrumb\",\"itemListElement\":[{\"@type\":\"ListItem\",\"position\":1,\"name\":\"Portada\",\"item\":\"https:\/\/www.certest.es\/es\/\"},{\"@type\":\"ListItem\",\"position\":2,\"name\":\"Visita de Pedro Duque, Ministro de Ciencia e Innovaci\u00f3n\"}]},{\"@type\":\"WebSite\",\"@id\":\"https:\/\/www.certest.es\/#website\",\"url\":\"https:\/\/www.certest.es\/\",\"name\":\"Certest Biotec - Raw Materials | Diagnostics | Pharma\",\"description\":\"Productos para diagn\u00f3stico in vitro\",\"potentialAction\":[{\"@type\":\"SearchAction\",\"target\":{\"@type\":\"EntryPoint\",\"urlTemplate\":\"https:\/\/www.certest.es\/?s={search_term_string}\"},\"query-input\":{\"@type\":\"PropertyValueSpecification\",\"valueRequired\":true,\"valueName\":\"search_term_string\"}}],\"inLanguage\":\"es\"},{\"@type\":\"Person\",\"@id\":\"https:\/\/www.certest.es\/#\/schema\/person\/38733cd75f271eac2cfe4d21d435a510\",\"name\":\"Certest\"}]}<\/script>\n<!-- \/ Yoast SEO plugin. -->","yoast_head_json":{"title":"Visita de Pedro Duque, Ministro de Ciencia e Innovaci\u00f3n - Certest Biotec - Raw Materials | Diagnostics | Pharma","robots":{"index":"index","follow":"follow","max-snippet":"max-snippet:-1","max-image-preview":"max-image-preview:large","max-video-preview":"max-video-preview:-1"},"canonical":"https:\/\/www.certest.es\/news\/visit-of-the-spanish-minister-of-science-and-innovation-pedro-duque\/","og_locale":"es_ES","og_type":"article","og_title":"Visita de Pedro Duque, Ministro de Ciencia e Innovaci\u00f3n - Certest Biotec - Raw Materials | Diagnostics | Pharma","og_description":"El pasado 18 de febrero, el Ministro de Ciencia e [...]","og_url":"https:\/\/www.certest.es\/news\/visit-of-the-spanish-minister-of-science-and-innovation-pedro-duque\/","og_site_name":"Certest Biotec - Raw Materials | Diagnostics | Pharma","article_published_time":"2021-02-19T13:25:19+00:00","article_modified_time":"2021-02-19T13:28:51+00:00","og_image":[{"width":700,"height":403,"url":"https:\/\/www.certest.es\/wp-content\/uploads\/2021\/02\/Plantilla_portada_noticias.jpg","type":"image\/jpeg"}],"author":"Certest","twitter_card":"summary_large_image","twitter_misc":{"Escrito por":"Certest","Tiempo de lectura":"1 minuto"},"schema":{"@context":"https:\/\/schema.org","@graph":[{"@type":"WebPage","@id":"https:\/\/www.certest.es\/news\/visit-of-the-spanish-minister-of-science-and-innovation-pedro-duque\/","url":"https:\/\/www.certest.es\/news\/visit-of-the-spanish-minister-of-science-and-innovation-pedro-duque\/","name":"Visita de Pedro Duque, Ministro de Ciencia e Innovaci\u00f3n - Certest Biotec - Raw Materials | Diagnostics | Pharma","isPartOf":{"@id":"https:\/\/www.certest.es\/#website"},"primaryImageOfPage":{"@id":"https:\/\/www.certest.es\/news\/visit-of-the-spanish-minister-of-science-and-innovation-pedro-duque\/#primaryimage"},"image":{"@id":"https:\/\/www.certest.es\/news\/visit-of-the-spanish-minister-of-science-and-innovation-pedro-duque\/#primaryimage"},"thumbnailUrl":"https:\/\/www.certest.es\/wp-content\/uploads\/2021\/02\/Plantilla_portada_noticias.jpg","datePublished":"2021-02-19T13:25:19+00:00","dateModified":"2021-02-19T13:28:51+00:00","author":{"@id":"https:\/\/www.certest.es\/#\/schema\/person\/38733cd75f271eac2cfe4d21d435a510"},"breadcrumb":{"@id":"https:\/\/www.certest.es\/news\/visit-of-the-spanish-minister-of-science-and-innovation-pedro-duque\/#breadcrumb"},"inLanguage":"es","potentialAction":[{"@type":"ReadAction","target":["https:\/\/www.certest.es\/news\/visit-of-the-spanish-minister-of-science-and-innovation-pedro-duque\/"]}]},{"@type":"ImageObject","inLanguage":"es","@id":"https:\/\/www.certest.es\/news\/visit-of-the-spanish-minister-of-science-and-innovation-pedro-duque\/#primaryimage","url":"https:\/\/www.certest.es\/wp-content\/uploads\/2021\/02\/Plantilla_portada_noticias.jpg","contentUrl":"https:\/\/www.certest.es\/wp-content\/uploads\/2021\/02\/Plantilla_portada_noticias.jpg","width":700,"height":403},{"@type":"BreadcrumbList","@id":"https:\/\/www.certest.es\/news\/visit-of-the-spanish-minister-of-science-and-innovation-pedro-duque\/#breadcrumb","itemListElement":[{"@type":"ListItem","position":1,"name":"Portada","item":"https:\/\/www.certest.es\/es\/"},{"@type":"ListItem","position":2,"name":"Visita de Pedro Duque, Ministro de Ciencia e Innovaci\u00f3n"}]},{"@type":"WebSite","@id":"https:\/\/www.certest.es\/#website","url":"https:\/\/www.certest.es\/","name":"Certest Biotec - Raw Materials | Diagnostics | Pharma","description":"Productos para diagn\u00f3stico in vitro","potentialAction":[{"@type":"SearchAction","target":{"@type":"EntryPoint","urlTemplate":"https:\/\/www.certest.es\/?s={search_term_string}"},"query-input":{"@type":"PropertyValueSpecification","valueRequired":true,"valueName":"search_term_string"}}],"inLanguage":"es"},{"@type":"Person","@id":"https:\/\/www.certest.es\/#\/schema\/person\/38733cd75f271eac2cfe4d21d435a510","name":"Certest"}]}},"_links":{"self":[{"href":"https:\/\/www.certest.es\/es\/wp-json\/wp\/v2\/posts\/16796","targetHints":{"allow":["GET"]}}],"collection":[{"href":"https:\/\/www.certest.es\/es\/wp-json\/wp\/v2\/posts"}],"about":[{"href":"https:\/\/www.certest.es\/es\/wp-json\/wp\/v2\/types\/post"}],"author":[{"embeddable":true,"href":"https:\/\/www.certest.es\/es\/wp-json\/wp\/v2\/users\/1"}],"replies":[{"embeddable":true,"href":"https:\/\/www.certest.es\/es\/wp-json\/wp\/v2\/comments?post=16796"}],"version-history":[{"count":0,"href":"https:\/\/www.certest.es\/es\/wp-json\/wp\/v2\/posts\/16796\/revisions"}],"wp:featuredmedia":[{"embeddable":true,"href":"https:\/\/www.certest.es\/es\/wp-json\/wp\/v2\/media\/16794"}],"wp:attachment":[{"href":"https:\/\/www.certest.es\/es\/wp-json\/wp\/v2\/media?parent=16796"}],"wp:term":[{"taxonomy":"category","embeddable":true,"href":"https:\/\/www.certest.es\/es\/wp-json\/wp\/v2\/categories?post=16796"},{"taxonomy":"post_tag","embeddable":true,"href":"https:\/\/www.certest.es\/es\/wp-json\/wp\/v2\/tags?post=16796"}],"curies":[{"name":"wp","href":"https:\/\/api.w.org\/{rel}","templated":true}]}}