{"id":16587,"date":"2020-07-15T14:49:56","date_gmt":"2020-07-15T12:49:56","guid":{"rendered":"https:\/\/www.certest.es\/news\/increase-in-the-productive-capacity-of-the-pcr-test-for-the-detection-of-sars-cov-2\/"},"modified":"2021-11-26T09:24:02","modified_gmt":"2021-11-26T08:24:02","slug":"increase-in-the-productive-capacity-of-the-pcr-test-for-the-detection-of-sars-cov-2","status":"publish","type":"post","link":"https:\/\/www.certest.es\/es\/news\/increase-in-the-productive-capacity-of-the-pcr-test-for-the-detection-of-sars-cov-2\/","title":{"rendered":"Proyecto cofinanciado con fondos FEDER a trav\u00e9s del programa COVID-19 INVERSI\u00d3N concedido por CDTI"},"content":{"rendered":"<p><strong>AUMENTO DE LA CAPACIDAD PRODUCTIVA DE TEST PCR PARA LA DETECCI\u00d3N DE SARS-COV-2<\/strong><\/p>\n<p>Cofinanciado con fondos FEDER a trav\u00e9s del programa COVID-19 INVERSI\u00d3N concedido por CDTI, el proyecto <strong>\u201dCOP-20201146 &#8211; AUMENTO DE LA CAPACIDAD PRODUCTIVA DE TEST PCR PARA LA DETECCI\u00d3N DE SARS-COV-2\u201d <\/strong>tiene como finalidad incrementar la capacidad productiva de los ensayos PCR para la identificaci\u00f3n del virus SARS-CoV-2 en muestras de pacientes con sintomatolog\u00eda compatible, a trav\u00e9s de la inversi\u00f3n en los equipos necesarios para la fabricaci\u00f3n de estos test.<\/p>\n<p>El aumento productivo permitir\u00e1 cubrir la demanda creciente de pruebas diagn\u00f3sticas PCR de SARS-CoV-2, que ha ido en aumento durante los meses de pandemia, y que se ha perfilado como el m\u00e9todo m\u00e1s fiable y eficaz para diagnosticar el COVID-19.<\/p>\n<p>&nbsp;<\/p>\n<p><img decoding=\"async\" class=\"alignnone size-medium wp-image-16579\" src=\"https:\/\/www.certest.es\/wp-content\/uploads\/2021\/02\/LOGO-CDTI-Ministerio-300x67.jpg\" alt=\"\" width=\"300\" height=\"67\" srcset=\"https:\/\/www.certest.es\/wp-content\/uploads\/2021\/02\/LOGO-CDTI-Ministerio-200x45.jpg 200w, https:\/\/www.certest.es\/wp-content\/uploads\/2021\/02\/LOGO-CDTI-Ministerio-300x67.jpg 300w, https:\/\/www.certest.es\/wp-content\/uploads\/2021\/02\/LOGO-CDTI-Ministerio-400x89.jpg 400w, https:\/\/www.certest.es\/wp-content\/uploads\/2021\/02\/LOGO-CDTI-Ministerio-600x134.jpg 600w, https:\/\/www.certest.es\/wp-content\/uploads\/2021\/02\/LOGO-CDTI-Ministerio-768x171.jpg 768w, https:\/\/www.certest.es\/wp-content\/uploads\/2021\/02\/LOGO-CDTI-Ministerio-800x178.jpg 800w, https:\/\/www.certest.es\/wp-content\/uploads\/2021\/02\/LOGO-CDTI-Ministerio-1024x228.jpg 1024w, https:\/\/www.certest.es\/wp-content\/uploads\/2021\/02\/LOGO-CDTI-Ministerio-1200x267.jpg 1200w, https:\/\/www.certest.es\/wp-content\/uploads\/2021\/02\/LOGO-CDTI-Ministerio.jpg 1742w\" sizes=\"(max-width: 300px) 100vw, 300px\" \/><\/p>\n<p><img decoding=\"async\" class=\"alignnone size-medium wp-image-16581\" src=\"https:\/\/www.certest.es\/wp-content\/uploads\/2021\/02\/Union-Europea-Feder-300x255.gif\" alt=\"\" width=\"300\" height=\"255\" srcset=\"https:\/\/www.certest.es\/wp-content\/uploads\/2021\/02\/Union-Europea-Feder-200x170.gif 200w, https:\/\/www.certest.es\/wp-content\/uploads\/2021\/02\/Union-Europea-Feder-300x255.gif 300w, https:\/\/www.certest.es\/wp-content\/uploads\/2021\/02\/Union-Europea-Feder-400x340.gif 400w, https:\/\/www.certest.es\/wp-content\/uploads\/2021\/02\/Union-Europea-Feder-600x510.gif 600w, https:\/\/www.certest.es\/wp-content\/uploads\/2021\/02\/Union-Europea-Feder-768x653.gif 768w, https:\/\/www.certest.es\/wp-content\/uploads\/2021\/02\/Union-Europea-Feder-800x680.gif 800w, https:\/\/www.certest.es\/wp-content\/uploads\/2021\/02\/Union-Europea-Feder-1024x870.gif 1024w, https:\/\/www.certest.es\/wp-content\/uploads\/2021\/02\/Union-Europea-Feder-1200x1020.gif 1200w\" sizes=\"(max-width: 300px) 100vw, 300px\" \/><\/p>\n","protected":false},"excerpt":{"rendered":"<p>AUMENTO DE LA CAPACIDAD PRODUCTIVA DE TEST PCR PARA LA  [&#8230;]<\/p>\n","protected":false},"author":1,"featured_media":16590,"comment_status":"closed","ping_status":"open","sticky":false,"template":"","format":"standard","meta":{"_acf_changed":false,"footnotes":""},"categories":[23,1],"tags":[189,952],"class_list":["post-16587","post","type-post","status-publish","format-standard","has-post-thumbnail","hentry","category-destacadas","category-noticias","tag-pcr","tag-sars-cov-2-es"],"acf":[],"yoast_head":"<!-- This site is optimized with the Yoast SEO plugin v26.4 - https:\/\/yoast.com\/wordpress\/plugins\/seo\/ -->\n<title>Proyecto cofinanciado con fondos FEDER a trav\u00e9s del programa COVID-19 INVERSI\u00d3N concedido por CDTI - Certest Biotec - Raw Materials | Diagnostics | Pharma<\/title>\n<meta name=\"robots\" content=\"index, follow, max-snippet:-1, max-image-preview:large, max-video-preview:-1\" \/>\n<link rel=\"canonical\" href=\"https:\/\/www.certest.es\/news\/increase-in-the-productive-capacity-of-the-pcr-test-for-the-detection-of-sars-cov-2\/\" \/>\n<meta property=\"og:locale\" content=\"es_ES\" \/>\n<meta property=\"og:type\" content=\"article\" \/>\n<meta property=\"og:title\" content=\"Proyecto cofinanciado con fondos FEDER a trav\u00e9s del programa COVID-19 INVERSI\u00d3N concedido por CDTI - Certest Biotec - Raw Materials | Diagnostics | Pharma\" \/>\n<meta property=\"og:description\" content=\"AUMENTO DE LA CAPACIDAD PRODUCTIVA DE TEST PCR PARA LA [...]\" \/>\n<meta property=\"og:url\" content=\"https:\/\/www.certest.es\/news\/increase-in-the-productive-capacity-of-the-pcr-test-for-the-detection-of-sars-cov-2\/\" \/>\n<meta property=\"og:site_name\" content=\"Certest Biotec - Raw Materials | Diagnostics | Pharma\" \/>\n<meta property=\"article:published_time\" content=\"2020-07-15T12:49:56+00:00\" \/>\n<meta property=\"article:modified_time\" content=\"2021-11-26T08:24:02+00:00\" \/>\n<meta property=\"og:image\" content=\"https:\/\/www.certest.es\/wp-content\/uploads\/2021\/02\/ES-AUMENTO-DE-LA-CAPACIDAD-PRODUCTIVA-DE-TEST-PCR-PARA-LA-DETECCI\u00d3N-DE-SARS-COV-2.jpg\" \/>\n\t<meta property=\"og:image:width\" content=\"700\" \/>\n\t<meta property=\"og:image:height\" content=\"403\" \/>\n\t<meta property=\"og:image:type\" content=\"image\/jpeg\" \/>\n<meta name=\"author\" content=\"Certest\" \/>\n<meta name=\"twitter:card\" content=\"summary_large_image\" \/>\n<meta name=\"twitter:label1\" content=\"Escrito por\" \/>\n\t<meta name=\"twitter:data1\" content=\"Certest\" \/>\n\t<meta name=\"twitter:label2\" content=\"Tiempo de lectura\" \/>\n\t<meta name=\"twitter:data2\" content=\"1 minuto\" \/>\n<script type=\"application\/ld+json\" class=\"yoast-schema-graph\">{\"@context\":\"https:\/\/schema.org\",\"@graph\":[{\"@type\":\"WebPage\",\"@id\":\"https:\/\/www.certest.es\/news\/increase-in-the-productive-capacity-of-the-pcr-test-for-the-detection-of-sars-cov-2\/\",\"url\":\"https:\/\/www.certest.es\/news\/increase-in-the-productive-capacity-of-the-pcr-test-for-the-detection-of-sars-cov-2\/\",\"name\":\"Proyecto cofinanciado con fondos FEDER a trav\u00e9s del programa COVID-19 INVERSI\u00d3N concedido por CDTI - Certest Biotec - Raw Materials | Diagnostics | Pharma\",\"isPartOf\":{\"@id\":\"https:\/\/www.certest.es\/#website\"},\"primaryImageOfPage\":{\"@id\":\"https:\/\/www.certest.es\/news\/increase-in-the-productive-capacity-of-the-pcr-test-for-the-detection-of-sars-cov-2\/#primaryimage\"},\"image\":{\"@id\":\"https:\/\/www.certest.es\/news\/increase-in-the-productive-capacity-of-the-pcr-test-for-the-detection-of-sars-cov-2\/#primaryimage\"},\"thumbnailUrl\":\"https:\/\/www.certest.es\/wp-content\/uploads\/2021\/02\/ES-AUMENTO-DE-LA-CAPACIDAD-PRODUCTIVA-DE-TEST-PCR-PARA-LA-DETECCI\u00d3N-DE-SARS-COV-2.jpg\",\"datePublished\":\"2020-07-15T12:49:56+00:00\",\"dateModified\":\"2021-11-26T08:24:02+00:00\",\"author\":{\"@id\":\"https:\/\/www.certest.es\/#\/schema\/person\/38733cd75f271eac2cfe4d21d435a510\"},\"breadcrumb\":{\"@id\":\"https:\/\/www.certest.es\/news\/increase-in-the-productive-capacity-of-the-pcr-test-for-the-detection-of-sars-cov-2\/#breadcrumb\"},\"inLanguage\":\"es\",\"potentialAction\":[{\"@type\":\"ReadAction\",\"target\":[\"https:\/\/www.certest.es\/news\/increase-in-the-productive-capacity-of-the-pcr-test-for-the-detection-of-sars-cov-2\/\"]}]},{\"@type\":\"ImageObject\",\"inLanguage\":\"es\",\"@id\":\"https:\/\/www.certest.es\/news\/increase-in-the-productive-capacity-of-the-pcr-test-for-the-detection-of-sars-cov-2\/#primaryimage\",\"url\":\"https:\/\/www.certest.es\/wp-content\/uploads\/2021\/02\/ES-AUMENTO-DE-LA-CAPACIDAD-PRODUCTIVA-DE-TEST-PCR-PARA-LA-DETECCI\u00d3N-DE-SARS-COV-2.jpg\",\"contentUrl\":\"https:\/\/www.certest.es\/wp-content\/uploads\/2021\/02\/ES-AUMENTO-DE-LA-CAPACIDAD-PRODUCTIVA-DE-TEST-PCR-PARA-LA-DETECCI\u00d3N-DE-SARS-COV-2.jpg\",\"width\":700,\"height\":403},{\"@type\":\"BreadcrumbList\",\"@id\":\"https:\/\/www.certest.es\/news\/increase-in-the-productive-capacity-of-the-pcr-test-for-the-detection-of-sars-cov-2\/#breadcrumb\",\"itemListElement\":[{\"@type\":\"ListItem\",\"position\":1,\"name\":\"Portada\",\"item\":\"https:\/\/www.certest.es\/es\/\"},{\"@type\":\"ListItem\",\"position\":2,\"name\":\"Proyecto cofinanciado con fondos FEDER a trav\u00e9s del programa COVID-19 INVERSI\u00d3N concedido por CDTI\"}]},{\"@type\":\"WebSite\",\"@id\":\"https:\/\/www.certest.es\/#website\",\"url\":\"https:\/\/www.certest.es\/\",\"name\":\"Certest Biotec - Raw Materials | Diagnostics | Pharma\",\"description\":\"Productos para diagn\u00f3stico in vitro\",\"potentialAction\":[{\"@type\":\"SearchAction\",\"target\":{\"@type\":\"EntryPoint\",\"urlTemplate\":\"https:\/\/www.certest.es\/?s={search_term_string}\"},\"query-input\":{\"@type\":\"PropertyValueSpecification\",\"valueRequired\":true,\"valueName\":\"search_term_string\"}}],\"inLanguage\":\"es\"},{\"@type\":\"Person\",\"@id\":\"https:\/\/www.certest.es\/#\/schema\/person\/38733cd75f271eac2cfe4d21d435a510\",\"name\":\"Certest\"}]}<\/script>\n<!-- \/ Yoast SEO plugin. -->","yoast_head_json":{"title":"Proyecto cofinanciado con fondos FEDER a trav\u00e9s del programa COVID-19 INVERSI\u00d3N concedido por CDTI - Certest Biotec - Raw Materials | Diagnostics | Pharma","robots":{"index":"index","follow":"follow","max-snippet":"max-snippet:-1","max-image-preview":"max-image-preview:large","max-video-preview":"max-video-preview:-1"},"canonical":"https:\/\/www.certest.es\/news\/increase-in-the-productive-capacity-of-the-pcr-test-for-the-detection-of-sars-cov-2\/","og_locale":"es_ES","og_type":"article","og_title":"Proyecto cofinanciado con fondos FEDER a trav\u00e9s del programa COVID-19 INVERSI\u00d3N concedido por CDTI - Certest Biotec - Raw Materials | Diagnostics | Pharma","og_description":"AUMENTO DE LA CAPACIDAD PRODUCTIVA DE TEST PCR PARA LA [...]","og_url":"https:\/\/www.certest.es\/news\/increase-in-the-productive-capacity-of-the-pcr-test-for-the-detection-of-sars-cov-2\/","og_site_name":"Certest Biotec - Raw Materials | Diagnostics | Pharma","article_published_time":"2020-07-15T12:49:56+00:00","article_modified_time":"2021-11-26T08:24:02+00:00","og_image":[{"width":700,"height":403,"url":"https:\/\/www.certest.es\/wp-content\/uploads\/2021\/02\/ES-AUMENTO-DE-LA-CAPACIDAD-PRODUCTIVA-DE-TEST-PCR-PARA-LA-DETECCI\u00d3N-DE-SARS-COV-2.jpg","type":"image\/jpeg"}],"author":"Certest","twitter_card":"summary_large_image","twitter_misc":{"Escrito por":"Certest","Tiempo de lectura":"1 minuto"},"schema":{"@context":"https:\/\/schema.org","@graph":[{"@type":"WebPage","@id":"https:\/\/www.certest.es\/news\/increase-in-the-productive-capacity-of-the-pcr-test-for-the-detection-of-sars-cov-2\/","url":"https:\/\/www.certest.es\/news\/increase-in-the-productive-capacity-of-the-pcr-test-for-the-detection-of-sars-cov-2\/","name":"Proyecto cofinanciado con fondos FEDER a trav\u00e9s del programa COVID-19 INVERSI\u00d3N concedido por CDTI - Certest Biotec - Raw Materials | Diagnostics | Pharma","isPartOf":{"@id":"https:\/\/www.certest.es\/#website"},"primaryImageOfPage":{"@id":"https:\/\/www.certest.es\/news\/increase-in-the-productive-capacity-of-the-pcr-test-for-the-detection-of-sars-cov-2\/#primaryimage"},"image":{"@id":"https:\/\/www.certest.es\/news\/increase-in-the-productive-capacity-of-the-pcr-test-for-the-detection-of-sars-cov-2\/#primaryimage"},"thumbnailUrl":"https:\/\/www.certest.es\/wp-content\/uploads\/2021\/02\/ES-AUMENTO-DE-LA-CAPACIDAD-PRODUCTIVA-DE-TEST-PCR-PARA-LA-DETECCI\u00d3N-DE-SARS-COV-2.jpg","datePublished":"2020-07-15T12:49:56+00:00","dateModified":"2021-11-26T08:24:02+00:00","author":{"@id":"https:\/\/www.certest.es\/#\/schema\/person\/38733cd75f271eac2cfe4d21d435a510"},"breadcrumb":{"@id":"https:\/\/www.certest.es\/news\/increase-in-the-productive-capacity-of-the-pcr-test-for-the-detection-of-sars-cov-2\/#breadcrumb"},"inLanguage":"es","potentialAction":[{"@type":"ReadAction","target":["https:\/\/www.certest.es\/news\/increase-in-the-productive-capacity-of-the-pcr-test-for-the-detection-of-sars-cov-2\/"]}]},{"@type":"ImageObject","inLanguage":"es","@id":"https:\/\/www.certest.es\/news\/increase-in-the-productive-capacity-of-the-pcr-test-for-the-detection-of-sars-cov-2\/#primaryimage","url":"https:\/\/www.certest.es\/wp-content\/uploads\/2021\/02\/ES-AUMENTO-DE-LA-CAPACIDAD-PRODUCTIVA-DE-TEST-PCR-PARA-LA-DETECCI\u00d3N-DE-SARS-COV-2.jpg","contentUrl":"https:\/\/www.certest.es\/wp-content\/uploads\/2021\/02\/ES-AUMENTO-DE-LA-CAPACIDAD-PRODUCTIVA-DE-TEST-PCR-PARA-LA-DETECCI\u00d3N-DE-SARS-COV-2.jpg","width":700,"height":403},{"@type":"BreadcrumbList","@id":"https:\/\/www.certest.es\/news\/increase-in-the-productive-capacity-of-the-pcr-test-for-the-detection-of-sars-cov-2\/#breadcrumb","itemListElement":[{"@type":"ListItem","position":1,"name":"Portada","item":"https:\/\/www.certest.es\/es\/"},{"@type":"ListItem","position":2,"name":"Proyecto cofinanciado con fondos FEDER a trav\u00e9s del programa COVID-19 INVERSI\u00d3N concedido por CDTI"}]},{"@type":"WebSite","@id":"https:\/\/www.certest.es\/#website","url":"https:\/\/www.certest.es\/","name":"Certest Biotec - Raw Materials | Diagnostics | Pharma","description":"Productos para diagn\u00f3stico in vitro","potentialAction":[{"@type":"SearchAction","target":{"@type":"EntryPoint","urlTemplate":"https:\/\/www.certest.es\/?s={search_term_string}"},"query-input":{"@type":"PropertyValueSpecification","valueRequired":true,"valueName":"search_term_string"}}],"inLanguage":"es"},{"@type":"Person","@id":"https:\/\/www.certest.es\/#\/schema\/person\/38733cd75f271eac2cfe4d21d435a510","name":"Certest"}]}},"_links":{"self":[{"href":"https:\/\/www.certest.es\/es\/wp-json\/wp\/v2\/posts\/16587","targetHints":{"allow":["GET"]}}],"collection":[{"href":"https:\/\/www.certest.es\/es\/wp-json\/wp\/v2\/posts"}],"about":[{"href":"https:\/\/www.certest.es\/es\/wp-json\/wp\/v2\/types\/post"}],"author":[{"embeddable":true,"href":"https:\/\/www.certest.es\/es\/wp-json\/wp\/v2\/users\/1"}],"replies":[{"embeddable":true,"href":"https:\/\/www.certest.es\/es\/wp-json\/wp\/v2\/comments?post=16587"}],"version-history":[{"count":0,"href":"https:\/\/www.certest.es\/es\/wp-json\/wp\/v2\/posts\/16587\/revisions"}],"wp:featuredmedia":[{"embeddable":true,"href":"https:\/\/www.certest.es\/es\/wp-json\/wp\/v2\/media\/16590"}],"wp:attachment":[{"href":"https:\/\/www.certest.es\/es\/wp-json\/wp\/v2\/media?parent=16587"}],"wp:term":[{"taxonomy":"category","embeddable":true,"href":"https:\/\/www.certest.es\/es\/wp-json\/wp\/v2\/categories?post=16587"},{"taxonomy":"post_tag","embeddable":true,"href":"https:\/\/www.certest.es\/es\/wp-json\/wp\/v2\/tags?post=16587"}],"curies":[{"name":"wp","href":"https:\/\/api.w.org\/{rel}","templated":true}]}}